{"id":5086,"date":"2026-09-02T11:42:22","date_gmt":"2026-09-02T09:42:22","guid":{"rendered":"https:\/\/ifmc.al\/?p=5086"},"modified":"2026-09-02T11:43:59","modified_gmt":"2026-09-02T09:43:59","slug":"vizita-orl-falas-me-dr-giuseppe-fancello","status":"publish","type":"post","link":"https:\/\/ifmc.al\/en\/vizita-orl-falas-me-dr-giuseppe-fancello\/","title":{"rendered":"Konsulta ORL falas me Dr. Giuseppe Fancello m\u00eb 19 shtator n\u00eb Family Hospital"},"content":{"rendered":"<p class=\"wp-block-paragraph\">Dhimbjet e veshit, dob\u00ebsimi i d\u00ebgjimit, hunda e bllokuar dhe problemet e vazhdueshme me fytin ose z\u00ebrin nuk duhen neglizhuar. Kur simptomat p\u00ebrs\u00ebriten, zgjasin ose ndikojn\u00eb n\u00eb jet\u00ebn e p\u00ebrditshme, nevojitet nj\u00eb vler\u00ebsim i specializuar ORL.<\/p>\n\n\n\n<p class=\"wp-block-paragraph\">M\u00eb <strong>19 shtator<\/strong>, Family Hospital ofron mund\u00ebsin\u00eb p\u00ebr t\u00eb kryer nj\u00eb <strong>konsult\u00eb ORL falas me Dr. Giuseppe Fancello<\/strong>, specialist n\u00eb otorinolaringologji dhe kirurgjin\u00eb e baz\u00ebs s\u00eb kafk\u00ebs.<\/p>\n\n\n\n<p class=\"wp-block-paragraph\">Konsulta u drejtohet pacient\u00ebve q\u00eb kan\u00eb probleme t\u00eb veshit, d\u00ebgjimit, hund\u00ebs, sinuseve, fytit, laringut ose ndryshime t\u00eb vazhdueshme t\u00eb z\u00ebrit.<\/p>\n\n\n\n<p class=\"wp-block-paragraph\"><\/p>\n\n\n\n<figure class=\"wp-block-image size-large is-resized\"><img loading=\"lazy\" decoding=\"async\" width=\"1024\" height=\"1024\" src=\"https:\/\/ifmc.al\/wp-content\/uploads\/2026\/09\/WhatsApp-Image-2026-08-03-at-11.58.49-AM-3-1024x1024.jpeg\" alt=\"\" class=\"wp-image-5099\" style=\"width:1609px;height:auto\" srcset=\"https:\/\/ifmc.al\/wp-content\/uploads\/2026\/09\/WhatsApp-Image-2026-08-03-at-11.58.49-AM-3-1024x1024.jpeg 1024w, https:\/\/ifmc.al\/wp-content\/uploads\/2026\/09\/WhatsApp-Image-2026-08-03-at-11.58.49-AM-3-150x150.jpeg 150w, https:\/\/ifmc.al\/wp-content\/uploads\/2026\/09\/WhatsApp-Image-2026-08-03-at-11.58.49-AM-3-768x768.jpeg 768w, https:\/\/ifmc.al\/wp-content\/uploads\/2026\/09\/WhatsApp-Image-2026-08-03-at-11.58.49-AM-3-300x300.jpeg 300w, https:\/\/ifmc.al\/wp-content\/uploads\/2026\/09\/WhatsApp-Image-2026-08-03-at-11.58.49-AM-3-12x12.jpeg 12w, https:\/\/ifmc.al\/wp-content\/uploads\/2026\/09\/WhatsApp-Image-2026-08-03-at-11.58.49-AM-3.jpeg 1080w\" sizes=\"auto, (max-width: 1024px) 100vw, 1024px\" \/><\/figure>\n\n\n\n<p class=\"wp-block-paragraph\"><\/p>\n\n\n\n<h2 class=\"wp-block-heading\">Kush \u00ebsht\u00eb Dr. Giuseppe Fancello?<\/h2>\n\n\n\n<p class=\"wp-block-paragraph\">Dr. Giuseppe Fancello \u00ebsht\u00eb specialist n\u00eb otorinolaringologji, otologji, kirurgjin\u00eb e veshit dhe kirurgjin\u00eb e baz\u00ebs s\u00eb kafk\u00ebs.<\/p>\n\n\n\n<p class=\"wp-block-paragraph\">Fushat e tij t\u00eb ekspertiz\u00ebs p\u00ebrfshijn\u00eb diagnostikimin dhe trajtimin e patologjive t\u00eb veshit t\u00eb mes\u00ebm, problemeve t\u00eb d\u00ebgjimit, s\u00ebmundjeve t\u00eb hund\u00ebs dhe sinuseve, si dhe rasteve komplekse q\u00eb lidhen me strukturat e baz\u00ebs s\u00eb kafk\u00ebs.<\/p>\n\n\n\n<p class=\"wp-block-paragraph\">Konsulta me nj\u00eb mjek t\u00eb specializuar ndihmon n\u00eb vler\u00ebsimin e sakt\u00eb t\u00eb simptomave dhe n\u00eb p\u00ebrcaktimin e ekzaminimeve ose trajtimit q\u00eb mund t\u00eb nevojitet.<\/p>\n\n\n\n<h2 class=\"wp-block-heading\">P\u00ebr cilat probleme mund t\u00eb rezervoni konsult\u00ebn?<\/h2>\n\n\n\n<p class=\"wp-block-paragraph\">Konsulta ORL me Dr. Giuseppe Fancello rekomandohet p\u00ebr pacient\u00ebt q\u00eb paraqesin shqet\u00ebsime t\u00eb vazhdueshme ose t\u00eb p\u00ebrs\u00ebritura n\u00eb vesh, hund\u00eb dhe fyt.<\/p>\n\n\n\n<h3 class=\"wp-block-heading\">Probleme t\u00eb veshit dhe d\u00ebgjimit<\/h3>\n\n\n\n<p class=\"wp-block-paragraph\">Rezervoni nj\u00eb konsult\u00eb n\u00ebse keni:<\/p>\n\n\n\n<ul class=\"wp-block-list\">\n<li>dhimbje t\u00eb shpeshta ose t\u00eb vazhdueshme t\u00eb veshit;<\/li>\n\n\n\n<li>dob\u00ebsim ose humbje t\u00eb d\u00ebgjimit;<\/li>\n\n\n\n<li>ndryshim t\u00eb d\u00ebgjimit nd\u00ebrmjet dy vesh\u00ebve;<\/li>\n\n\n\n<li>tinnitus, fishk\u00ebllim\u00eb ose zhurm\u00eb n\u00eb vesh;<\/li>\n\n\n\n<li>ndjesi presioni ose bllokimi n\u00eb vesh;<\/li>\n\n\n\n<li>rrjedhje nga veshi;<\/li>\n\n\n\n<li>infeksione t\u00eb p\u00ebrs\u00ebritura;<\/li>\n\n\n\n<li>probleme t\u00eb veshit t\u00eb mes\u00ebm;<\/li>\n\n\n\n<li>marramendje ose probleme me ekuilibrin;<\/li>\n\n\n\n<li>histori nd\u00ebrhyrjesh t\u00eb m\u00ebparshme n\u00eb vesh.<\/li>\n<\/ul>\n\n\n\n<p class=\"wp-block-paragraph\">Humbja e d\u00ebgjimit mund t\u00eb zhvillohet gradualisht dhe jo gjithmon\u00eb vihet re menj\u00ebher\u00eb. Shpesh pacienti fillon t\u00eb rris\u00eb volumin e televizorit, k\u00ebrkon p\u00ebrs\u00ebritjen e fjal\u00ebve ose e ka t\u00eb v\u00ebshtir\u00eb t\u00eb kuptoj\u00eb bisedat n\u00eb ambiente me zhurm\u00eb.<\/p>\n\n\n\n<p class=\"wp-block-paragraph\">N\u00ebse humbja e d\u00ebgjimit shfaqet papritur, nevojitet vler\u00ebsim urgjent mjek\u00ebsor dhe nuk duhet pritur deri n\u00eb dat\u00ebn e konsult\u00ebs s\u00eb planifikuar.<\/p>\n\n\n\n<h3 class=\"wp-block-heading\">Hund\u00eb e bllokuar dhe infeksione t\u00eb shpeshta<\/h3>\n\n\n\n<p class=\"wp-block-paragraph\">Vler\u00ebsimi specialistik mund t\u00eb jet\u00eb i nevojsh\u00ebm edhe kur keni:<\/p>\n\n\n\n<ul class=\"wp-block-list\">\n<li>hund\u00eb vazhdimisht t\u00eb bllokuar;<\/li>\n\n\n\n<li>v\u00ebshtir\u00ebsi p\u00ebr t\u00eb marr\u00eb frym\u00eb lirsh\u00ebm nga hunda;<\/li>\n\n\n\n<li>infeksione t\u00eb p\u00ebrs\u00ebritura t\u00eb hund\u00ebs;<\/li>\n\n\n\n<li>sinuzit t\u00eb shpesht\u00eb ose kronik;<\/li>\n\n\n\n<li>sekrecione t\u00eb vazhdueshme;<\/li>\n\n\n\n<li>dhimbje ose presion n\u00eb zon\u00ebn e fytyr\u00ebs;<\/li>\n\n\n\n<li>devijim t\u00eb septumit nazal;<\/li>\n\n\n\n<li>probleme q\u00eb nuk p\u00ebrmir\u00ebsohen me trajtimet e zakonshme;<\/li>\n\n\n\n<li>gjakrrjedhje t\u00eb p\u00ebrs\u00ebritura nga hunda.<\/li>\n<\/ul>\n\n\n\n<p class=\"wp-block-paragraph\">Hunda e bllokuar mund t\u00eb lidhet me alergji, infeksione, inflamacion t\u00eb sinuseve, polipe nazale ose ndryshime strukturore. Konsulta ORL ndihmon n\u00eb identifikimin e shkakut dhe n\u00eb p\u00ebrcaktimin e trajtimit t\u00eb p\u00ebrshtatsh\u00ebm.<\/p>\n\n\n\n<p class=\"wp-block-paragraph\"><\/p>\n\n\n\n<figure class=\"wp-block-image size-full is-resized\"><img loading=\"lazy\" decoding=\"async\" width=\"1000\" height=\"667\" src=\"https:\/\/ifmc.al\/wp-content\/uploads\/2026\/09\/181.jpg\" alt=\"\" class=\"wp-image-5101\" style=\"width:1609px;height:auto\" srcset=\"https:\/\/ifmc.al\/wp-content\/uploads\/2026\/09\/181.jpg 1000w, https:\/\/ifmc.al\/wp-content\/uploads\/2026\/09\/181-300x200.jpg 300w, https:\/\/ifmc.al\/wp-content\/uploads\/2026\/09\/181-768x512.jpg 768w, https:\/\/ifmc.al\/wp-content\/uploads\/2026\/09\/181-18x12.jpg 18w\" sizes=\"auto, (max-width: 1000px) 100vw, 1000px\" \/><\/figure>\n\n\n\n<p class=\"wp-block-paragraph\"><\/p>\n\n\n\n<h3 class=\"wp-block-heading\">Probleme me fytin, laringun dhe z\u00ebrin<\/h3>\n\n\n\n<p class=\"wp-block-paragraph\">Konsulta k\u00ebshillohet gjithashtu p\u00ebr persona q\u00eb kan\u00eb:<\/p>\n\n\n\n<ul class=\"wp-block-list\">\n<li>dhimbje fyti q\u00eb p\u00ebrs\u00ebritet ose nuk largohet;<\/li>\n\n\n\n<li>ngjirje apo ndryshim t\u00eb vazhduesh\u00ebm t\u00eb z\u00ebrit;<\/li>\n\n\n\n<li>lodhje t\u00eb z\u00ebrit gjat\u00eb t\u00eb folurit;<\/li>\n\n\n\n<li>ndjesi t\u00eb nj\u00eb trupi t\u00eb huaj n\u00eb fyt;<\/li>\n\n\n\n<li>v\u00ebshtir\u00ebsi ose dhimbje gjat\u00eb g\u00eblltitjes;<\/li>\n\n\n\n<li>koll\u00eb t\u00eb vazhdueshme pa nj\u00eb shkak t\u00eb qart\u00eb;<\/li>\n\n\n\n<li>infeksione t\u00eb p\u00ebrs\u00ebritura t\u00eb fytit;<\/li>\n\n\n\n<li>shqet\u00ebsime t\u00eb laringut;<\/li>\n\n\n\n<li>bajame t\u00eb inflamuara n\u00eb m\u00ebnyr\u00eb t\u00eb p\u00ebrs\u00ebritur.<\/li>\n<\/ul>\n\n\n\n<p class=\"wp-block-paragraph\">Ndryshimet e z\u00ebrit q\u00eb vazhdojn\u00eb p\u00ebr disa jav\u00eb duhet t\u00eb kontrollohen, ve\u00e7an\u00ebrisht kur shoq\u00ebrohen me v\u00ebshtir\u00ebsi n\u00eb g\u00eblltitje, dhimbje ose ndjesi presioni n\u00eb fyt.<\/p>\n\n\n\n<h2 class=\"wp-block-heading\">Konsulta p\u00ebr patologjit\u00eb e veshit t\u00eb mes\u00ebm<\/h2>\n\n\n\n<p class=\"wp-block-paragraph\">Veshi i mes\u00ebm p\u00ebrmban struktura t\u00eb vogla dhe delikate q\u00eb ndihmojn\u00eb n\u00eb transmetimin e tingullit. Infeksionet kronike, d\u00ebmtimi i daulles s\u00eb veshit ose patologji t\u00eb tjera mund t\u00eb ndikojn\u00eb n\u00eb d\u00ebgjim dhe t\u00eb shkaktojn\u00eb dhimbje, rrjedhje ose ndjesi presioni.<\/p>\n\n\n\n<p class=\"wp-block-paragraph\">Pacient\u00ebt mund t\u00eb k\u00ebrkojn\u00eb vler\u00ebsim t\u00eb specializuar n\u00eb rastet e:<\/p>\n\n\n\n<ul class=\"wp-block-list\">\n<li>otiteve kronike;<\/li>\n\n\n\n<li>shpimit t\u00eb daulles s\u00eb veshit;<\/li>\n\n\n\n<li>kolesteatom\u00ebs;<\/li>\n\n\n\n<li>humbjes konduktive t\u00eb d\u00ebgjimit;<\/li>\n\n\n\n<li>rrjedhjes s\u00eb vazhdueshme nga veshi;<\/li>\n\n\n\n<li>nd\u00ebrhyrjeve t\u00eb m\u00ebparshme pa p\u00ebrmir\u00ebsimin e pritur;<\/li>\n\n\n\n<li>dyshimit p\u00ebr nevoj\u00ebn e kirurgjis\u00eb s\u00eb veshit.<\/li>\n<\/ul>\n\n\n\n<p class=\"wp-block-paragraph\">Jo \u00e7do problem i veshit t\u00eb mes\u00ebm k\u00ebrkon nd\u00ebrhyrje kirurgjikale. Vendimi merret vet\u00ebm pas ekzaminimit, testimit t\u00eb d\u00ebgjimit dhe vler\u00ebsimit t\u00eb plot\u00eb t\u00eb rastit.<\/p>\n\n\n\n<h2 class=\"wp-block-heading\">Konsulta p\u00ebr probleme t\u00eb baz\u00ebs s\u00eb kafk\u00ebs<\/h2>\n\n\n\n<p class=\"wp-block-paragraph\">Baza e kafk\u00ebs \u00ebsht\u00eb nj\u00eb zon\u00eb anatomike komplekse, pran\u00eb s\u00eb cil\u00ebs kalojn\u00eb nerva t\u00eb r\u00ebnd\u00ebsish\u00ebm p\u00ebr d\u00ebgjimin, ekuilibrin, l\u00ebvizjet e fytyr\u00ebs dhe funksione t\u00eb tjera.<\/p>\n\n\n\n<p class=\"wp-block-paragraph\">Pacient\u00ebt me nj\u00eb diagnoz\u00eb t\u00eb m\u00ebparshme, rezultate t\u00eb rezonanc\u00ebs magnetike ose dyshim p\u00ebr nj\u00eb patologji t\u00eb k\u00ebsaj zone mund t\u00eb k\u00ebrkojn\u00eb nj\u00eb vler\u00ebsim t\u00eb specializuar.<\/p>\n\n\n\n<p class=\"wp-block-paragraph\">K\u00ebtu mund t\u00eb p\u00ebrfshihen:<\/p>\n\n\n\n<ul class=\"wp-block-list\">\n<li>tumore beninje ose patologji t\u00eb tjera t\u00eb baz\u00ebs s\u00eb kafk\u00ebs;<\/li>\n\n\n\n<li>neurinoma akustike;<\/li>\n\n\n\n<li>kolesteatoma komplekse;<\/li>\n\n\n\n<li>paraganglioma;<\/li>\n\n\n\n<li>d\u00ebmtime t\u00eb nervit facial;<\/li>\n\n\n\n<li>probleme t\u00eb avancuara t\u00eb veshit;<\/li>\n\n\n\n<li>raste q\u00eb k\u00ebrkojn\u00eb nj\u00eb opinion t\u00eb dyt\u00eb specialistik.<\/li>\n<\/ul>\n\n\n\n<p class=\"wp-block-paragraph\">Marrja e nj\u00eb konsultimi nuk do t\u00eb thot\u00eb automatikisht se nevojitet kirurgji. Specialistit i duhet t\u00eb shqyrtoj\u00eb diagnoz\u00ebn, simptomat dhe ekzaminimet p\u00ebr t\u00eb p\u00ebrcaktuar m\u00ebnyr\u00ebn m\u00eb t\u00eb p\u00ebrshtatshme t\u00eb ndjekjes.<\/p>\n\n\n\n<p class=\"wp-block-paragraph\"><\/p>\n\n\n\n<figure class=\"wp-block-image size-full is-resized\"><img loading=\"lazy\" decoding=\"async\" width=\"1000\" height=\"667\" src=\"https:\/\/ifmc.al\/wp-content\/uploads\/2026\/09\/48831.jpg\" alt=\"\" class=\"wp-image-5102\" style=\"width:1609px;height:auto\" srcset=\"https:\/\/ifmc.al\/wp-content\/uploads\/2026\/09\/48831.jpg 1000w, https:\/\/ifmc.al\/wp-content\/uploads\/2026\/09\/48831-300x200.jpg 300w, https:\/\/ifmc.al\/wp-content\/uploads\/2026\/09\/48831-18x12.jpg 18w, https:\/\/ifmc.al\/wp-content\/uploads\/2026\/09\/48831-768x512.jpg 768w\" sizes=\"auto, (max-width: 1000px) 100vw, 1000px\" \/><\/figure>\n\n\n\n<p class=\"wp-block-paragraph\"><\/p>\n\n\n\n<h2 class=\"wp-block-heading\">\u00c7far\u00eb p\u00ebrfshin konsultimi ORL?<\/h2>\n\n\n\n<p class=\"wp-block-paragraph\">Gjat\u00eb konsult\u00ebs, mjeku mund t\u00eb:<\/p>\n\n\n\n<ul class=\"wp-block-list\">\n<li>d\u00ebgjoj\u00eb historin\u00eb e simptomave;<\/li>\n\n\n\n<li>vler\u00ebsoj\u00eb koh\u00ebzgjatjen dhe p\u00ebrkeq\u00ebsimin e tyre;<\/li>\n\n\n\n<li>kryej\u00eb ekzaminimin klinik t\u00eb vesh\u00ebve, hund\u00ebs dhe fytit;<\/li>\n\n\n\n<li>shqyrtoj\u00eb analizat ose ekzaminimet e m\u00ebparshme;<\/li>\n\n\n\n<li>identifikoj\u00eb n\u00ebse nevojiten teste t\u00eb tjera;<\/li>\n\n\n\n<li>rekomandoj\u00eb trajtim ose ndjekje t\u00eb m\u00ebtejshme;<\/li>\n\n\n\n<li>vler\u00ebsoj\u00eb n\u00ebse rasti k\u00ebrkon trajtim multidisiplinar.<\/li>\n<\/ul>\n\n\n\n<p class=\"wp-block-paragraph\">N\u00eb var\u00ebsi t\u00eb shqet\u00ebsimit, pas konsult\u00ebs mund t\u00eb rekomandohen audiometri, endoskopi ORL, ekzaminime laboratorike ose <a href=\"https:\/\/ifmc.al\/en\/service\/imaging\/\">ekzaminime imazherike<\/a>.<\/p>\n\n\n\n<p class=\"wp-block-paragraph\">N\u00ebse identifikohet nj\u00eb problem q\u00eb mund t\u00eb k\u00ebrkoj\u00eb trajtim kirurgjikal, pacienti informohet mbi hapat e m\u00ebtejsh\u00ebm dhe mund\u00ebsit\u00eb e <a href=\"https:\/\/ifmc.al\/en\/service\/surgical-intervention\/\">nd\u00ebrhyrjeve kirurgjikale t\u00eb specializuara<\/a>.<\/p>\n\n\n\n<h2 class=\"wp-block-heading\">\u00c7far\u00eb duhet t\u00eb merrni me vete?<\/h2>\n\n\n\n<p class=\"wp-block-paragraph\">P\u00ebr ta b\u00ebr\u00eb konsult\u00ebn sa m\u00eb t\u00eb plot\u00eb, sillni me vete:<\/p>\n\n\n\n<ul class=\"wp-block-list\">\n<li>analizat dhe raportet e m\u00ebparshme mjek\u00ebsore;<\/li>\n\n\n\n<li>audiometri ose teste t\u00eb m\u00ebparshme t\u00eb d\u00ebgjimit;<\/li>\n\n\n\n<li>rezonanc\u00eb magnetike ose skaner, n\u00ebse keni kryer;<\/li>\n\n\n\n<li>CD-n\u00eb ose imazhet e ekzaminimeve;<\/li>\n\n\n\n<li>list\u00ebn e barnave q\u00eb p\u00ebrdorni;<\/li>\n\n\n\n<li>informacion mbi trajtimet ose nd\u00ebrhyrjet e m\u00ebparshme;<\/li>\n\n\n\n<li>nj\u00eb p\u00ebrshkrim t\u00eb koh\u00ebs kur kan\u00eb filluar simptomat.<\/li>\n<\/ul>\n\n\n\n<p class=\"wp-block-paragraph\">Edhe n\u00ebse nuk keni kryer ekzaminime m\u00eb par\u00eb, mund t\u00eb rezervoni konsult\u00ebn. Mjeku do t\u00eb p\u00ebrcaktoj\u00eb n\u00ebse nevojiten teste t\u00eb tjera.<\/p>\n\n\n\n<h2 class=\"wp-block-heading\">Pse nuk duhen neglizhuar simptomat ORL?<\/h2>\n\n\n\n<p class=\"wp-block-paragraph\">Shum\u00eb probleme t\u00eb veshit, hund\u00ebs dhe fytit mund t\u00eb trajtohen m\u00eb leht\u00eb kur identifikohen her\u00ebt. Simptomat e vazhdueshme mund t\u00eb ndikojn\u00eb n\u00eb d\u00ebgjim, frym\u00ebmarrje, gjum\u00eb, komunikim dhe cil\u00ebsin\u00eb e p\u00ebrgjithshme t\u00eb jet\u00ebs.<\/p>\n\n\n\n<p class=\"wp-block-paragraph\">A <a href=\"https:\/\/ifmc.al\/en\/service\/ear\/\">vizit\u00eb ORL n\u00eb Family Hospital<\/a> ndihmon n\u00eb dallimin nd\u00ebrmjet nj\u00eb problemi kalimtar dhe nj\u00eb gjendjeje q\u00eb k\u00ebrkon ekzaminime ose trajtim t\u00eb specializuar.<\/p>\n\n\n\n<p class=\"wp-block-paragraph\">Ve\u00e7an\u00ebrisht nuk duhen shtyr\u00eb:<\/p>\n\n\n\n<ul class=\"wp-block-list\">\n<li>humbja e papritur e d\u00ebgjimit;<\/li>\n\n\n\n<li>dhimbja e fort\u00eb e veshit;<\/li>\n\n\n\n<li>rrjedhja e gjakut ose l\u00ebngjeve nga veshi;<\/li>\n\n\n\n<li>v\u00ebshtir\u00ebsia n\u00eb frym\u00ebmarrje ose g\u00eblltitje;<\/li>\n\n\n\n<li>dob\u00ebsia ose mpirja e nj\u00ebr\u00ebs an\u00eb t\u00eb fytyr\u00ebs;<\/li>\n\n\n\n<li>ndryshimet e z\u00ebrit q\u00eb vazhdojn\u00eb;<\/li>\n\n\n\n<li>simptomat e nj\u00ebanshme q\u00eb p\u00ebrkeq\u00ebsohen.<\/li>\n<\/ul>\n\n\n\n<p class=\"wp-block-paragraph\"><\/p>\n\n\n\n<figure class=\"wp-block-image size-full is-resized\"><img loading=\"lazy\" decoding=\"async\" width=\"1000\" height=\"667\" src=\"https:\/\/ifmc.al\/wp-content\/uploads\/2026\/09\/6088.jpg\" alt=\"\" class=\"wp-image-5103\" style=\"width:1609px;height:auto\" srcset=\"https:\/\/ifmc.al\/wp-content\/uploads\/2026\/09\/6088.jpg 1000w, https:\/\/ifmc.al\/wp-content\/uploads\/2026\/09\/6088-300x200.jpg 300w, https:\/\/ifmc.al\/wp-content\/uploads\/2026\/09\/6088-768x512.jpg 768w, https:\/\/ifmc.al\/wp-content\/uploads\/2026\/09\/6088-18x12.jpg 18w\" sizes=\"auto, (max-width: 1000px) 100vw, 1000px\" \/><\/figure>\n\n\n\n<p class=\"wp-block-paragraph\"><\/p>\n\n\n\n<h2 class=\"wp-block-heading\">Frequently asked questions<\/h2>\n\n\n\n<h3 class=\"wp-block-heading\">Kur zhvillohet konsultimi falas?<\/h3>\n\n\n\n<p class=\"wp-block-paragraph\">Konsultat ORL falas me Dr. Giuseppe Fancello zhvillohen m\u00eb <strong>19 shtator n\u00eb Family Hospital<\/strong>. K\u00ebrkohet rezervim paraprak.<\/p>\n\n\n\n<h3 class=\"wp-block-heading\">P\u00ebr cilat probleme mund t\u00eb konsultohem?<\/h3>\n\n\n\n<p class=\"wp-block-paragraph\">Mund t\u00eb rezervoni konsult\u00ebn p\u00ebr probleme t\u00eb veshit, d\u00ebgjimit, hund\u00ebs, sinuseve, fytit, laringut, z\u00ebrit, veshit t\u00eb mes\u00ebm ose patologji t\u00eb baz\u00ebs s\u00eb kafk\u00ebs.<\/p>\n\n\n\n<h3 class=\"wp-block-heading\">A mund t\u00eb konsultohem n\u00ebse kam kryer ekzaminime diku tjet\u00ebr?<\/h3>\n\n\n\n<p class=\"wp-block-paragraph\">Po. Merrni me vete raportet, analizat, audiometrin\u00eb, rezonanc\u00ebn magnetike, skanerin dhe \u00e7do dokument tjet\u00ebr mjek\u00ebsor q\u00eb lidhet me problemin tuaj.<\/p>\n\n\n\n<h3 class=\"wp-block-heading\">A do t\u00eb thot\u00eb konsultimi se kam nevoj\u00eb p\u00ebr operacion?<\/h3>\n\n\n\n<p class=\"wp-block-paragraph\">Jo. Konsulta sh\u00ebrben p\u00ebr vler\u00ebsimin e problemit. Mjeku mund t\u00eb rekomandoj\u00eb trajtim, monitorim, ekzaminime t\u00eb tjera ose nd\u00ebrhyrje vet\u00ebm n\u00ebse \u00ebsht\u00eb e nevojshme.<\/p>\n\n\n\n<h3 class=\"wp-block-heading\">A p\u00ebrfshihen ekzaminimet shtes\u00eb n\u00eb konsult\u00ebn falas?<\/h3>\n\n\n\n<p class=\"wp-block-paragraph\">P\u00ebr informacion t\u00eb sakt\u00eb mbi ekzaminimet ose sh\u00ebrbimet q\u00eb p\u00ebrfshihen, kontaktoni Family Hospital gjat\u00eb rezervimit.<\/p>\n\n\n\n<h2 class=\"wp-block-heading\">Rezervoni konsult\u00ebn tuaj<\/h2>\n\n\n\n<p class=\"wp-block-paragraph\">Mos i neglizhoni dhimbjet e veshit, humbjen e d\u00ebgjimit, hund\u00ebn e bllokuar apo problemet e vazhdueshme me fytin dhe z\u00ebrin.<\/p>\n\n\n\n<p class=\"wp-block-paragraph\">M\u00eb <strong>19 shtator<\/strong>, rezervoni <strong>konsult\u00ebn ORL falas me Dr. Giuseppe Fancello<\/strong> n\u00eb Family Hospital.<\/p>\n\n\n\n<p class=\"wp-block-paragraph\"><a href=\"https:\/\/ifmc.al\/en\/contact-now\/\">Rezervoni konsult\u00ebn tuaj<\/a> ose kontaktoni klinik\u00ebn:<\/p>\n\n\n\n<p class=\"wp-block-paragraph\"><strong>Address:<\/strong> Rruga Kongresi i Manastirit, Tiran\u00eb<br><strong>Telefon:<\/strong> +355 69 60 60 620 | +355 44 50 50 55<br><strong>Email:<\/strong> <a href=\"mailto:info@ifmc.al\">info@ifmc.al<\/a><\/p>","protected":false},"excerpt":{"rendered":"<p>Dhimbjet e veshit, dob\u00ebsimi i d\u00ebgjimit, hunda e bllokuar dhe problemet e vazhdueshme me fytin ose z\u00ebrin nuk duhen neglizhuar. Kur simptomat p\u00ebrs\u00ebriten, zgjasin ose ndikojn\u00eb n\u00eb jet\u00ebn e p\u00ebrditshme, nevojitet nj\u00eb vler\u00ebsim i specializuar ORL. M\u00eb 19 shtator, Family Hospital ofron mund\u00ebsin\u00eb p\u00ebr t\u00eb kryer nj\u00eb konsult\u00eb ORL falas me Dr. Giuseppe Fancello, specialist &#8230; <a title=\"Konsulta ORL falas me Dr. Giuseppe Fancello m\u00eb 19 shtator n\u00eb Family Hospital\" class=\"read-more\" href=\"https:\/\/ifmc.al\/en\/vizita-orl-falas-me-dr-giuseppe-fancello\/\" aria-label=\"Read more about Konsulta ORL falas me Dr. Giuseppe Fancello m\u00eb 19 shtator n\u00eb Family Hospital\">Read more<\/a><\/p>","protected":false},"author":4,"featured_media":5105,"comment_status":"open","ping_status":"open","sticky":false,"template":"","format":"standard","meta":{"_acf_changed":false,"inline_featured_image":false,"footnotes":""},"categories":[84],"tags":[],"class_list":["post-5086","post","type-post","status-publish","format-standard","has-post-thumbnail","hentry","category-orl"],"acf":[],"_links":{"self":[{"href":"https:\/\/ifmc.al\/en\/wp-json\/wp\/v2\/posts\/5086","targetHints":{"allow":["GET"]}}],"collection":[{"href":"https:\/\/ifmc.al\/en\/wp-json\/wp\/v2\/posts"}],"about":[{"href":"https:\/\/ifmc.al\/en\/wp-json\/wp\/v2\/types\/post"}],"author":[{"embeddable":true,"href":"https:\/\/ifmc.al\/en\/wp-json\/wp\/v2\/users\/4"}],"replies":[{"embeddable":true,"href":"https:\/\/ifmc.al\/en\/wp-json\/wp\/v2\/comments?post=5086"}],"version-history":[{"count":2,"href":"https:\/\/ifmc.al\/en\/wp-json\/wp\/v2\/posts\/5086\/revisions"}],"predecessor-version":[{"id":5104,"href":"https:\/\/ifmc.al\/en\/wp-json\/wp\/v2\/posts\/5086\/revisions\/5104"}],"wp:featuredmedia":[{"embeddable":true,"href":"https:\/\/ifmc.al\/en\/wp-json\/wp\/v2\/media\/5105"}],"wp:attachment":[{"href":"https:\/\/ifmc.al\/en\/wp-json\/wp\/v2\/media?parent=5086"}],"wp:term":[{"taxonomy":"category","embeddable":true,"href":"https:\/\/ifmc.al\/en\/wp-json\/wp\/v2\/categories?post=5086"},{"taxonomy":"post_tag","embeddable":true,"href":"https:\/\/ifmc.al\/en\/wp-json\/wp\/v2\/tags?post=5086"}],"curies":[{"name":"wp","href":"https:\/\/api.w.org\/{rel}","templated":true}]}}